{"id":10733,"date":"2016-01-25T10:56:50","date_gmt":"2016-01-25T12:56:50","guid":{"rendered":"http:\/\/www.ecclesia.com.br\/news\/2013\/?p=10733"},"modified":"2016-03-21T14:38:51","modified_gmt":"2016-03-21T14:38:51","slug":"comunicado-de-imprensa-do-secretariado-executivo-da-conferencia-episcopal-ortodoxa-latino-americana","status":"publish","type":"post","link":"https:\/\/news.ecclesia.org.br\/?p=10733","title":{"rendered":"Comunicado de imprensa do Secretariado Executivo  da Confer\u00eancia Episcopal Ortodoxa Latino-Americana"},"content":{"rendered":"<blockquote>\n<p style=\"text-align: right;\"><em>Ide, pois, fazei disc\u00edpulos de todos os povos,<\/em><br \/>\n<em>batizando-os em nome do Pai, do Filho e do Esp\u00edrito Santo.<\/em><\/p>\n<\/blockquote>\n<p style=\"text-align: right;\"><em>(Mt 28,19)<\/em><\/p>\n<p style=\"text-align: justify;\">Reuniu-se na cidade do M\u00e9xico, DF, de 20 a 23 do corrente m\u00eas de janeiro, a Confer\u00eancia Episcopal Ortodoxa da Am\u00e9rica Latina (C.E.O.LA) em sua VI Reuni\u00e3o desde sua institui\u00e7\u00e3o, em 2009, pela Assembleia Pan-ortodoxa de Chambesy.<\/p>\n<p style=\"text-align: justify;\">O evento foi gentilmente hospedado pelo Presidente da Assembleia, S.E.R. Dom Atenagoras, e o Sacro Arcebispado do M\u00e9xico, Am\u00e9rica Central e ilhas do Caribe do Patriarcado Ecum\u00eanico de Constantinopla, e as cinco sess\u00f5es programadas tiveram lugar na sede da Arquidiocese em uma sala de reuni\u00f5es preparada para o evento, no mesmo local em que os participantes foram hospedados.<\/p>\n<p style=\"text-align: justify;\">A abertura da VI Reuni\u00e3o se deu com a celebra\u00e7\u00e3o da Divina Liturgia em mem\u00f3ria ao nosso Pai entre os santos, M\u00e1ximo o Confessor, celebrada por S.E.R. Dom Iosif de P\u00e1tara, na tradicional e hist\u00f3rica igreja da Concep\u00e7\u00e3o de Sant&#8217;Ana, no centro da cidade do M\u00e9xico.<\/p>\n<p style=\"text-align: justify;\">Os participantes, em esp\u00edrito de fraternidade, harmonia e coopera\u00e7\u00e3o debateram e refletiram sobre tem\u00e1ticas atuais da Ortodoxia em geral, e sobre problem\u00e1ticas que enfrentam a sociedade Latino-americana em particular, e sobre como a Igreja Ortodoxa em seu conjunto, no marco desta Assembleia, pode contribuir para a busca de solu\u00e7\u00f5es aos mesmos. Os hierarcas tamb\u00e9m discutiram sobre as formas e metodologias para dar prosseguimento ao mandato da Confer\u00eancia em vista de alcan\u00e7ar os resultados propostos nos termos acordados. Deste modo foram apresentados os respectivos informes das comiss\u00f5es constitu\u00eddas para operar no \u00e2mbito da colabora\u00e7\u00e3o com a Confer\u00eancia (Comiss\u00e3o do Diret\u00f3rio de cl\u00e9rigos can\u00f3nicos da Am\u00e9rica do Sul; Comiss\u00e3o de Assuntos Legais; Comiss\u00e3o de tradu\u00e7\u00f5es e edi\u00e7\u00f5es; Comiss\u00e3o de Di\u00e1logo Inter Crist\u00e3o), e foram tomadas as decis\u00f5es pertinentes para maior agilidade e efic\u00e1cia em seus trabalhos em vista dos objetivos propostos.<\/p>\n<p style=\"text-align: justify;\">Os participantes da VI Reuni\u00e3o da Confer\u00eancia Episcopal, uma vez mais \u2013 e unanimemente \u2013 apesar das dificuldades e das debilidades das institui\u00e7\u00f5es na regi\u00e3o, ratificaram sua ades\u00e3o plena aos objetivos primig\u00eanios tra\u00e7ados pela Reuni\u00e3o Pan-ortodoxa de <em>Chambesy,<\/em> que constituem a <em>alma mater<\/em> de sua <em>hip\u00f3stases<\/em> e miss\u00e3o.<\/p>\n<p style=\"text-align: justify;\">Da mesma maneira, proclamaram, \u201ccom <em>uma s\u00f3 voz e num s\u00f3 cora\u00e7\u00e3o<\/em>\u201d o\u00a0compromisso indeclin\u00e1vel de m\u00fatua colabora\u00e7\u00e3o e a\u00e7\u00e3o conjunta, a fim de dar testemunho de unidade e de fraternidade na Am\u00e9rica Latina, e assim, servir de maneira mais efetiva, real e concreta aos homens de boa vontade deste bendito Continente, em coer\u00eancia com o grande Mandato de Nosso Senhor Jesus Cristo (Mt 28, 19).<\/p>\n<p style=\"text-align: right;\">M\u00e9xico, DF, 23 de janeiro de 2016.<\/p>\n<p style=\"text-align: left;\"><a href=\"http:\/\/www.ecclesia.com.br\/news\/2013\/wp-content\/uploads\/2016\/01\/comunicado-de-imprensa.pdf\" target=\"_blank\">Baixar vers\u00e3o em grego, espanhol e portugu\u00eas, em arquivo pdf.<\/a><\/p>\n<p style=\"text-align: center;\">\u00a0<div id=\"galleria-10733\"><a href=\"https:\/\/news.ecclesia.org.br\/wp-content\/uploads\/2016\/01\/assembleia2016-1-2.jpg\"><img decoding=\"async\" title=\"assembleia2016-1\" alt=\"\" src=\"https:\/\/news.ecclesia.org.br\/wp-content\/uploads\/2016\/01\/assembleia2016-1-2-92x55.jpg\" data-big=\"https:\/\/news.ecclesia.org.br\/wp-content\/uploads\/2016\/01\/assembleia2016-1-2.jpg\"><\/a><a href=\"https:\/\/news.ecclesia.org.br\/wp-content\/uploads\/2016\/01\/assembleia20161-1024x576.jpg\"><img decoding=\"async\" title=\"assembleia20161\" alt=\"\" src=\"https:\/\/news.ecclesia.org.br\/wp-content\/uploads\/2016\/01\/assembleia20161-98x55.jpg\" data-big=\"https:\/\/news.ecclesia.org.br\/wp-content\/uploads\/2016\/01\/assembleia20161-1024x576.jpg\"><\/a><a href=\"https:\/\/news.ecclesia.org.br\/wp-content\/uploads\/2016\/01\/assembleia20162-1024x576.jpg\"><img decoding=\"async\" title=\"assembleia20162\" alt=\"\" src=\"https:\/\/news.ecclesia.org.br\/wp-content\/uploads\/2016\/01\/assembleia20162-98x55.jpg\" data-big=\"https:\/\/news.ecclesia.org.br\/wp-content\/uploads\/2016\/01\/assembleia20162-1024x576.jpg\"><\/a><a href=\"https:\/\/news.ecclesia.org.br\/wp-content\/uploads\/2016\/01\/assembleia20163-1024x576.jpg\"><img decoding=\"async\" title=\"assembleia20163\" alt=\"\" src=\"https:\/\/news.ecclesia.org.br\/wp-content\/uploads\/2016\/01\/assembleia20163-98x55.jpg\" data-big=\"https:\/\/news.ecclesia.org.br\/wp-content\/uploads\/2016\/01\/assembleia20163-1024x576.jpg\"><\/a><a href=\"https:\/\/news.ecclesia.org.br\/wp-content\/uploads\/2016\/01\/assembleia20164-1024x576.jpg\"><img decoding=\"async\" title=\"assembleia20164\" alt=\"\" src=\"https:\/\/news.ecclesia.org.br\/wp-content\/uploads\/2016\/01\/assembleia20164-98x55.jpg\" data-big=\"https:\/\/news.ecclesia.org.br\/wp-content\/uploads\/2016\/01\/assembleia20164-1024x576.jpg\"><\/a><\/div><\/p>\n","protected":false},"excerpt":{"rendered":"<p>Ide, pois, fazei disc\u00edpulos de todos os povos, batizando-os em nome do Pai, do Filho e do Esp\u00edrito Santo. (Mt 28,19) Reuniu-se na cidade do M\u00e9xico, DF, de 20 a 23 do corrente m\u00eas de janeiro, a Confer\u00eancia Episcopal Ortodoxa&#8230;<\/p>\n","protected":false},"author":1,"featured_media":17605,"comment_status":"open","ping_status":"open","sticky":false,"template":"","format":"standard","meta":{"_acf_changed":false,"footnotes":""},"categories":[40],"tags":[],"class_list":["post-10733","post","type-post","status-publish","format-standard","has-post-thumbnail","hentry","category-arquidiocese-de-buenos-aires-e-america-do-sul","entry","rows-excerpt"],"acf":[],"yoast_head":"<!-- This site is optimized with the Yoast SEO plugin v27.5 - https:\/\/yoast.com\/product\/yoast-seo-wordpress\/ -->\n<title>Comunicado de imprensa do Secretariado Executivo da Confer\u00eancia Episcopal Ortodoxa Latino-Americana | ECCLESIA NEWS<\/title>\n<meta name=\"robots\" content=\"index, follow, max-snippet:-1, max-image-preview:large, max-video-preview:-1\" \/>\n<link rel=\"canonical\" href=\"https:\/\/news.ecclesia.org.br\/?p=10733\" \/>\n<meta property=\"og:locale\" content=\"pt_BR\" \/>\n<meta property=\"og:type\" content=\"article\" \/>\n<meta property=\"og:title\" content=\"Comunicado de imprensa do Secretariado Executivo da Confer\u00eancia Episcopal Ortodoxa Latino-Americana | ECCLESIA NEWS\" \/>\n<meta property=\"og:description\" content=\"Ide, pois, fazei disc\u00edpulos de todos os povos, batizando-os em nome do Pai, do Filho e do Esp\u00edrito Santo. (Mt 28,19) Reuniu-se na cidade do M\u00e9xico, DF, de 20 a 23 do corrente m\u00eas de janeiro, a Confer\u00eancia Episcopal Ortodoxa&#8230;\" \/>\n<meta property=\"og:url\" content=\"https:\/\/news.ecclesia.org.br\/?p=10733\" \/>\n<meta property=\"og:site_name\" content=\"ECCLESIA NEWS\" \/>\n<meta property=\"article:publisher\" content=\"https:\/\/www.facebook.com\/Ecclesia2025\" \/>\n<meta property=\"article:published_time\" content=\"2016-01-25T12:56:50+00:00\" \/>\n<meta property=\"article:modified_time\" content=\"2016-03-21T14:38:51+00:00\" \/>\n<meta property=\"og:image\" content=\"https:\/\/news.ecclesia.org.br\/wp-content\/uploads\/2016\/01\/assembleia2016-1-2.jpg\" \/>\n\t<meta property=\"og:image:width\" content=\"640\" \/>\n\t<meta property=\"og:image:height\" content=\"384\" \/>\n\t<meta property=\"og:image:type\" content=\"image\/jpeg\" \/>\n<meta name=\"author\" content=\"Pe. Andr\u00e9\" \/>\n<meta name=\"twitter:card\" content=\"summary_large_image\" \/>\n<meta name=\"twitter:creator\" content=\"@EcclesiaNews\" \/>\n<meta name=\"twitter:site\" content=\"@EcclesiaNews\" \/>\n<meta name=\"twitter:label1\" content=\"Escrito por\" \/>\n\t<meta name=\"twitter:data1\" content=\"Pe. Andr\u00e9\" \/>\n\t<meta name=\"twitter:label2\" content=\"Est. tempo de leitura\" \/>\n\t<meta name=\"twitter:data2\" content=\"2 minutos\" \/>\n<script type=\"application\/ld+json\" class=\"yoast-schema-graph\">{\"@context\":\"https:\\\/\\\/schema.org\",\"@graph\":[{\"@type\":\"Article\",\"@id\":\"https:\\\/\\\/news.ecclesia.org.br\\\/?p=10733#article\",\"isPartOf\":{\"@id\":\"https:\\\/\\\/news.ecclesia.org.br\\\/?p=10733\"},\"author\":{\"name\":\"Pe. Andr\u00e9\",\"@id\":\"https:\\\/\\\/news.ecclesia.org.br\\\/#\\\/schema\\\/person\\\/6f09597f025829745ba414a569f63758\"},\"headline\":\"Comunicado de imprensa do Secretariado Executivo da Confer\u00eancia Episcopal Ortodoxa Latino-Americana\",\"datePublished\":\"2016-01-25T12:56:50+00:00\",\"dateModified\":\"2016-03-21T14:38:51+00:00\",\"mainEntityOfPage\":{\"@id\":\"https:\\\/\\\/news.ecclesia.org.br\\\/?p=10733\"},\"wordCount\":512,\"commentCount\":0,\"publisher\":{\"@id\":\"https:\\\/\\\/news.ecclesia.org.br\\\/#organization\"},\"image\":{\"@id\":\"https:\\\/\\\/news.ecclesia.org.br\\\/?p=10733#primaryimage\"},\"thumbnailUrl\":\"https:\\\/\\\/news.ecclesia.org.br\\\/wp-content\\\/uploads\\\/2016\\\/01\\\/assembleia2016-1-2.jpg\",\"articleSection\":[\"Arquidiocese de Buenos Aires e Am\u00e9rica do Sul\"],\"inLanguage\":\"pt-BR\",\"potentialAction\":[{\"@type\":\"CommentAction\",\"name\":\"Comment\",\"target\":[\"https:\\\/\\\/news.ecclesia.org.br\\\/?p=10733#respond\"]}]},{\"@type\":\"WebPage\",\"@id\":\"https:\\\/\\\/news.ecclesia.org.br\\\/?p=10733\",\"url\":\"https:\\\/\\\/news.ecclesia.org.br\\\/?p=10733\",\"name\":\"Comunicado de imprensa do Secretariado Executivo da Confer\u00eancia Episcopal Ortodoxa Latino-Americana | ECCLESIA NEWS\",\"isPartOf\":{\"@id\":\"https:\\\/\\\/news.ecclesia.org.br\\\/#website\"},\"primaryImageOfPage\":{\"@id\":\"https:\\\/\\\/news.ecclesia.org.br\\\/?p=10733#primaryimage\"},\"image\":{\"@id\":\"https:\\\/\\\/news.ecclesia.org.br\\\/?p=10733#primaryimage\"},\"thumbnailUrl\":\"https:\\\/\\\/news.ecclesia.org.br\\\/wp-content\\\/uploads\\\/2016\\\/01\\\/assembleia2016-1-2.jpg\",\"datePublished\":\"2016-01-25T12:56:50+00:00\",\"dateModified\":\"2016-03-21T14:38:51+00:00\",\"breadcrumb\":{\"@id\":\"https:\\\/\\\/news.ecclesia.org.br\\\/?p=10733#breadcrumb\"},\"inLanguage\":\"pt-BR\",\"potentialAction\":[{\"@type\":\"ReadAction\",\"target\":[\"https:\\\/\\\/news.ecclesia.org.br\\\/?p=10733\"]}]},{\"@type\":\"ImageObject\",\"inLanguage\":\"pt-BR\",\"@id\":\"https:\\\/\\\/news.ecclesia.org.br\\\/?p=10733#primaryimage\",\"url\":\"https:\\\/\\\/news.ecclesia.org.br\\\/wp-content\\\/uploads\\\/2016\\\/01\\\/assembleia2016-1-2.jpg\",\"contentUrl\":\"https:\\\/\\\/news.ecclesia.org.br\\\/wp-content\\\/uploads\\\/2016\\\/01\\\/assembleia2016-1-2.jpg\",\"width\":640,\"height\":384},{\"@type\":\"BreadcrumbList\",\"@id\":\"https:\\\/\\\/news.ecclesia.org.br\\\/?p=10733#breadcrumb\",\"itemListElement\":[{\"@type\":\"ListItem\",\"position\":1,\"name\":\"In\u00edcio\",\"item\":\"https:\\\/\\\/news.ecclesia.org.br\\\/\"},{\"@type\":\"ListItem\",\"position\":2,\"name\":\"Comunicado de imprensa do Secretariado Executivo da Confer\u00eancia Episcopal Ortodoxa Latino-Americana\"}]},{\"@type\":\"WebSite\",\"@id\":\"https:\\\/\\\/news.ecclesia.org.br\\\/#website\",\"url\":\"https:\\\/\\\/news.ecclesia.org.br\\\/\",\"name\":\"Ecclesia Brasil\",\"description\":\"Desde 2003 onectando o Brasil ao mundo ortodoxo!\",\"publisher\":{\"@id\":\"https:\\\/\\\/news.ecclesia.org.br\\\/#organization\"},\"alternateName\":\"Ecclesia\",\"potentialAction\":[{\"@type\":\"SearchAction\",\"target\":{\"@type\":\"EntryPoint\",\"urlTemplate\":\"https:\\\/\\\/news.ecclesia.org.br\\\/?s={search_term_string}\"},\"query-input\":{\"@type\":\"PropertyValueSpecification\",\"valueRequired\":true,\"valueName\":\"search_term_string\"}}],\"inLanguage\":\"pt-BR\"},{\"@type\":\"Organization\",\"@id\":\"https:\\\/\\\/news.ecclesia.org.br\\\/#organization\",\"name\":\"Sacra Arquidiocese de Buenos Aires e Am\u00e9rica do Sul | Patriarcado Ecum\u00eanico\",\"alternateName\":\"News Ecclesia Brasil\",\"url\":\"https:\\\/\\\/news.ecclesia.org.br\\\/\",\"logo\":{\"@type\":\"ImageObject\",\"inLanguage\":\"pt-BR\",\"@id\":\"https:\\\/\\\/news.ecclesia.org.br\\\/#\\\/schema\\\/logo\\\/image\\\/\",\"url\":\"https:\\\/\\\/news.ecclesia.org.br\\\/wp-content\\\/uploads\\\/2025\\\/05\\\/ecclesia2.png\",\"contentUrl\":\"https:\\\/\\\/news.ecclesia.org.br\\\/wp-content\\\/uploads\\\/2025\\\/05\\\/ecclesia2.png\",\"width\":480,\"height\":120,\"caption\":\"Sacra Arquidiocese de Buenos Aires e Am\u00e9rica do Sul | Patriarcado Ecum\u00eanico\"},\"image\":{\"@id\":\"https:\\\/\\\/news.ecclesia.org.br\\\/#\\\/schema\\\/logo\\\/image\\\/\"},\"sameAs\":[\"https:\\\/\\\/www.facebook.com\\\/Ecclesia2025\",\"https:\\\/\\\/x.com\\\/EcclesiaNews\",\"https:\\\/\\\/br.pinterest.com\\\/ekklisia\\\/\",\"https:\\\/\\\/www.youtube.com\\\/@EcclesiaBrasil\"]},{\"@type\":\"Person\",\"@id\":\"https:\\\/\\\/news.ecclesia.org.br\\\/#\\\/schema\\\/person\\\/6f09597f025829745ba414a569f63758\",\"name\":\"Pe. Andr\u00e9\",\"image\":{\"@type\":\"ImageObject\",\"inLanguage\":\"pt-BR\",\"@id\":\"https:\\\/\\\/secure.gravatar.com\\\/avatar\\\/b4327cfa27e9799da239a26adcd534fc29cdc0c4a4a148eecbcfeb9b42c617ac?s=96&d=mm&r=g\",\"url\":\"https:\\\/\\\/secure.gravatar.com\\\/avatar\\\/b4327cfa27e9799da239a26adcd534fc29cdc0c4a4a148eecbcfeb9b42c617ac?s=96&d=mm&r=g\",\"contentUrl\":\"https:\\\/\\\/secure.gravatar.com\\\/avatar\\\/b4327cfa27e9799da239a26adcd534fc29cdc0c4a4a148eecbcfeb9b42c617ac?s=96&d=mm&r=g\",\"caption\":\"Pe. Andr\u00e9\"},\"sameAs\":[\"https:\\\/\\\/www.ecclesia.org.br\"]}]}<\/script>\n<!-- \/ Yoast SEO plugin. -->","yoast_head_json":{"title":"Comunicado de imprensa do Secretariado Executivo da Confer\u00eancia Episcopal Ortodoxa Latino-Americana | ECCLESIA NEWS","robots":{"index":"index","follow":"follow","max-snippet":"max-snippet:-1","max-image-preview":"max-image-preview:large","max-video-preview":"max-video-preview:-1"},"canonical":"https:\/\/news.ecclesia.org.br\/?p=10733","og_locale":"pt_BR","og_type":"article","og_title":"Comunicado de imprensa do Secretariado Executivo da Confer\u00eancia Episcopal Ortodoxa Latino-Americana | ECCLESIA NEWS","og_description":"Ide, pois, fazei disc\u00edpulos de todos os povos, batizando-os em nome do Pai, do Filho e do Esp\u00edrito Santo. (Mt 28,19) Reuniu-se na cidade do M\u00e9xico, DF, de 20 a 23 do corrente m\u00eas de janeiro, a Confer\u00eancia Episcopal Ortodoxa&#8230;","og_url":"https:\/\/news.ecclesia.org.br\/?p=10733","og_site_name":"ECCLESIA NEWS","article_publisher":"https:\/\/www.facebook.com\/Ecclesia2025","article_published_time":"2016-01-25T12:56:50+00:00","article_modified_time":"2016-03-21T14:38:51+00:00","og_image":[{"width":640,"height":384,"url":"https:\/\/news.ecclesia.org.br\/wp-content\/uploads\/2016\/01\/assembleia2016-1-2.jpg","type":"image\/jpeg"}],"author":"Pe. Andr\u00e9","twitter_card":"summary_large_image","twitter_creator":"@EcclesiaNews","twitter_site":"@EcclesiaNews","twitter_misc":{"Escrito por":"Pe. Andr\u00e9","Est. tempo de leitura":"2 minutos"},"schema":{"@context":"https:\/\/schema.org","@graph":[{"@type":"Article","@id":"https:\/\/news.ecclesia.org.br\/?p=10733#article","isPartOf":{"@id":"https:\/\/news.ecclesia.org.br\/?p=10733"},"author":{"name":"Pe. Andr\u00e9","@id":"https:\/\/news.ecclesia.org.br\/#\/schema\/person\/6f09597f025829745ba414a569f63758"},"headline":"Comunicado de imprensa do Secretariado Executivo da Confer\u00eancia Episcopal Ortodoxa Latino-Americana","datePublished":"2016-01-25T12:56:50+00:00","dateModified":"2016-03-21T14:38:51+00:00","mainEntityOfPage":{"@id":"https:\/\/news.ecclesia.org.br\/?p=10733"},"wordCount":512,"commentCount":0,"publisher":{"@id":"https:\/\/news.ecclesia.org.br\/#organization"},"image":{"@id":"https:\/\/news.ecclesia.org.br\/?p=10733#primaryimage"},"thumbnailUrl":"https:\/\/news.ecclesia.org.br\/wp-content\/uploads\/2016\/01\/assembleia2016-1-2.jpg","articleSection":["Arquidiocese de Buenos Aires e Am\u00e9rica do Sul"],"inLanguage":"pt-BR","potentialAction":[{"@type":"CommentAction","name":"Comment","target":["https:\/\/news.ecclesia.org.br\/?p=10733#respond"]}]},{"@type":"WebPage","@id":"https:\/\/news.ecclesia.org.br\/?p=10733","url":"https:\/\/news.ecclesia.org.br\/?p=10733","name":"Comunicado de imprensa do Secretariado Executivo da Confer\u00eancia Episcopal Ortodoxa Latino-Americana | ECCLESIA NEWS","isPartOf":{"@id":"https:\/\/news.ecclesia.org.br\/#website"},"primaryImageOfPage":{"@id":"https:\/\/news.ecclesia.org.br\/?p=10733#primaryimage"},"image":{"@id":"https:\/\/news.ecclesia.org.br\/?p=10733#primaryimage"},"thumbnailUrl":"https:\/\/news.ecclesia.org.br\/wp-content\/uploads\/2016\/01\/assembleia2016-1-2.jpg","datePublished":"2016-01-25T12:56:50+00:00","dateModified":"2016-03-21T14:38:51+00:00","breadcrumb":{"@id":"https:\/\/news.ecclesia.org.br\/?p=10733#breadcrumb"},"inLanguage":"pt-BR","potentialAction":[{"@type":"ReadAction","target":["https:\/\/news.ecclesia.org.br\/?p=10733"]}]},{"@type":"ImageObject","inLanguage":"pt-BR","@id":"https:\/\/news.ecclesia.org.br\/?p=10733#primaryimage","url":"https:\/\/news.ecclesia.org.br\/wp-content\/uploads\/2016\/01\/assembleia2016-1-2.jpg","contentUrl":"https:\/\/news.ecclesia.org.br\/wp-content\/uploads\/2016\/01\/assembleia2016-1-2.jpg","width":640,"height":384},{"@type":"BreadcrumbList","@id":"https:\/\/news.ecclesia.org.br\/?p=10733#breadcrumb","itemListElement":[{"@type":"ListItem","position":1,"name":"In\u00edcio","item":"https:\/\/news.ecclesia.org.br\/"},{"@type":"ListItem","position":2,"name":"Comunicado de imprensa do Secretariado Executivo da Confer\u00eancia Episcopal Ortodoxa Latino-Americana"}]},{"@type":"WebSite","@id":"https:\/\/news.ecclesia.org.br\/#website","url":"https:\/\/news.ecclesia.org.br\/","name":"Ecclesia Brasil","description":"Desde 2003 onectando o Brasil ao mundo ortodoxo!","publisher":{"@id":"https:\/\/news.ecclesia.org.br\/#organization"},"alternateName":"Ecclesia","potentialAction":[{"@type":"SearchAction","target":{"@type":"EntryPoint","urlTemplate":"https:\/\/news.ecclesia.org.br\/?s={search_term_string}"},"query-input":{"@type":"PropertyValueSpecification","valueRequired":true,"valueName":"search_term_string"}}],"inLanguage":"pt-BR"},{"@type":"Organization","@id":"https:\/\/news.ecclesia.org.br\/#organization","name":"Sacra Arquidiocese de Buenos Aires e Am\u00e9rica do Sul | Patriarcado Ecum\u00eanico","alternateName":"News Ecclesia Brasil","url":"https:\/\/news.ecclesia.org.br\/","logo":{"@type":"ImageObject","inLanguage":"pt-BR","@id":"https:\/\/news.ecclesia.org.br\/#\/schema\/logo\/image\/","url":"https:\/\/news.ecclesia.org.br\/wp-content\/uploads\/2025\/05\/ecclesia2.png","contentUrl":"https:\/\/news.ecclesia.org.br\/wp-content\/uploads\/2025\/05\/ecclesia2.png","width":480,"height":120,"caption":"Sacra Arquidiocese de Buenos Aires e Am\u00e9rica do Sul | Patriarcado Ecum\u00eanico"},"image":{"@id":"https:\/\/news.ecclesia.org.br\/#\/schema\/logo\/image\/"},"sameAs":["https:\/\/www.facebook.com\/Ecclesia2025","https:\/\/x.com\/EcclesiaNews","https:\/\/br.pinterest.com\/ekklisia\/","https:\/\/www.youtube.com\/@EcclesiaBrasil"]},{"@type":"Person","@id":"https:\/\/news.ecclesia.org.br\/#\/schema\/person\/6f09597f025829745ba414a569f63758","name":"Pe. Andr\u00e9","image":{"@type":"ImageObject","inLanguage":"pt-BR","@id":"https:\/\/secure.gravatar.com\/avatar\/b4327cfa27e9799da239a26adcd534fc29cdc0c4a4a148eecbcfeb9b42c617ac?s=96&d=mm&r=g","url":"https:\/\/secure.gravatar.com\/avatar\/b4327cfa27e9799da239a26adcd534fc29cdc0c4a4a148eecbcfeb9b42c617ac?s=96&d=mm&r=g","contentUrl":"https:\/\/secure.gravatar.com\/avatar\/b4327cfa27e9799da239a26adcd534fc29cdc0c4a4a148eecbcfeb9b42c617ac?s=96&d=mm&r=g","caption":"Pe. Andr\u00e9"},"sameAs":["https:\/\/www.ecclesia.org.br"]}]}},"_links":{"self":[{"href":"https:\/\/news.ecclesia.org.br\/index.php?rest_route=\/wp\/v2\/posts\/10733","targetHints":{"allow":["GET"]}}],"collection":[{"href":"https:\/\/news.ecclesia.org.br\/index.php?rest_route=\/wp\/v2\/posts"}],"about":[{"href":"https:\/\/news.ecclesia.org.br\/index.php?rest_route=\/wp\/v2\/types\/post"}],"author":[{"embeddable":true,"href":"https:\/\/news.ecclesia.org.br\/index.php?rest_route=\/wp\/v2\/users\/1"}],"replies":[{"embeddable":true,"href":"https:\/\/news.ecclesia.org.br\/index.php?rest_route=%2Fwp%2Fv2%2Fcomments&post=10733"}],"version-history":[{"count":0,"href":"https:\/\/news.ecclesia.org.br\/index.php?rest_route=\/wp\/v2\/posts\/10733\/revisions"}],"wp:featuredmedia":[{"embeddable":true,"href":"https:\/\/news.ecclesia.org.br\/index.php?rest_route=\/wp\/v2\/media\/17605"}],"wp:attachment":[{"href":"https:\/\/news.ecclesia.org.br\/index.php?rest_route=%2Fwp%2Fv2%2Fmedia&parent=10733"}],"wp:term":[{"taxonomy":"category","embeddable":true,"href":"https:\/\/news.ecclesia.org.br\/index.php?rest_route=%2Fwp%2Fv2%2Fcategories&post=10733"},{"taxonomy":"post_tag","embeddable":true,"href":"https:\/\/news.ecclesia.org.br\/index.php?rest_route=%2Fwp%2Fv2%2Ftags&post=10733"}],"curies":[{"name":"wp","href":"https:\/\/api.w.org\/{rel}","templated":true}]}}