{"id":10304,"date":"2015-12-04T12:23:30","date_gmt":"2015-12-04T14:23:30","guid":{"rendered":"http:\/\/www.ecclesia.com.br\/news\/2013\/?p=10304"},"modified":"2021-07-22T18:12:47","modified_gmt":"2021-07-22T21:12:47","slug":"patriarcado-ecumenico-peregrinacao-a-prisao-de-santa-barbara-em-nicomedia","status":"publish","type":"post","link":"https:\/\/news.ecclesia.org.br\/?p=10304","title":{"rendered":"Patriarcado Ecum\u00eanico: peregrina\u00e7\u00e3o \u00e0 pris\u00e3o de Santa B\u00e1rbara, em Nicom\u00e9dia"},"content":{"rendered":"<div style=\"text-align: justify;\"><div id=\"galleria-10304\"><a href=\"https:\/\/news.ecclesia.org.br\/wp-content\/uploads\/2015\/12\/santa-barbara-izmit-1.jpg\"><img decoding=\"async\" title=\"santa-barbara-izmit\" alt=\"\" src=\"https:\/\/news.ecclesia.org.br\/wp-content\/uploads\/2015\/12\/santa-barbara-izmit-1-83x55.jpg\" data-big=\"https:\/\/news.ecclesia.org.br\/wp-content\/uploads\/2015\/12\/santa-barbara-izmit-1.jpg\"><\/a><a href=\"https:\/\/news.ecclesia.org.br\/wp-content\/uploads\/2015\/12\/azize_santa_barbara_izmit_te_ayinle_anildi_h288431_62fd9-1.jpg\"><img decoding=\"async\" title=\"azize_santa_barbara_izmit_te_ayinle_anildi_h288431_62fd9\" alt=\"\" src=\"https:\/\/news.ecclesia.org.br\/wp-content\/uploads\/2015\/12\/azize_santa_barbara_izmit_te_ayinle_anildi_h288431_62fd9-1-106x55.jpg\" data-big=\"https:\/\/news.ecclesia.org.br\/wp-content\/uploads\/2015\/12\/azize_santa_barbara_izmit_te_ayinle_anildi_h288431_62fd9-1.jpg\"><\/a><a href=\"https:\/\/news.ecclesia.org.br\/wp-content\/uploads\/2015\/12\/azize-santa-barbara-izmit-te-ayinle-anildi-1.jpg\"><img decoding=\"async\" title=\"azize-santa-barbara-izmit-te-ayinle-anildi\" alt=\"\" src=\"https:\/\/news.ecclesia.org.br\/wp-content\/uploads\/2015\/12\/azize-santa-barbara-izmit-te-ayinle-anildi-1-37x55.jpg\" data-big=\"https:\/\/news.ecclesia.org.br\/wp-content\/uploads\/2015\/12\/azize-santa-barbara-izmit-te-ayinle-anildi-1.jpg\"><\/a><a href=\"https:\/\/news.ecclesia.org.br\/wp-content\/uploads\/2015\/12\/azize-santa-barbara-izmitte-ayinle-anildi-001-1.jpg\"><img decoding=\"async\" title=\"azize-santa-barbara-izmitte-ayinle-anildi-001\" alt=\"\" src=\"https:\/\/news.ecclesia.org.br\/wp-content\/uploads\/2015\/12\/azize-santa-barbara-izmitte-ayinle-anildi-001-1-71x55.jpg\" data-big=\"https:\/\/news.ecclesia.org.br\/wp-content\/uploads\/2015\/12\/azize-santa-barbara-izmitte-ayinle-anildi-001-1.jpg\"><\/a><a href=\"https:\/\/news.ecclesia.org.br\/wp-content\/uploads\/2015\/12\/azize-santa-barbara-izmitte-ayinle-anildi-002-1.jpg\"><img decoding=\"async\" title=\"azize-santa-barbara-izmitte-ayinle-anildi-002\" alt=\"\" src=\"https:\/\/news.ecclesia.org.br\/wp-content\/uploads\/2015\/12\/azize-santa-barbara-izmitte-ayinle-anildi-002-1-83x55.jpg\" data-big=\"https:\/\/news.ecclesia.org.br\/wp-content\/uploads\/2015\/12\/azize-santa-barbara-izmitte-ayinle-anildi-002-1.jpg\"><\/a><a href=\"https:\/\/news.ecclesia.org.br\/wp-content\/uploads\/2015\/12\/azize-santa-barbara-izmitte-ayinle-anildi-003-1.jpg\"><img decoding=\"async\" title=\"azize-santa-barbara-izmitte-ayinle-anildi-003\" alt=\"\" src=\"https:\/\/news.ecclesia.org.br\/wp-content\/uploads\/2015\/12\/azize-santa-barbara-izmitte-ayinle-anildi-003-1-83x55.jpg\" data-big=\"https:\/\/news.ecclesia.org.br\/wp-content\/uploads\/2015\/12\/azize-santa-barbara-izmitte-ayinle-anildi-003-1.jpg\"><\/a><a href=\"https:\/\/news.ecclesia.org.br\/wp-content\/uploads\/2015\/12\/azize-santa-barbara-izmitte-ayinle-anildi-004-1.jpg\"><img decoding=\"async\" title=\"azize-santa-barbara-izmitte-ayinle-anildi-004\" alt=\"\" src=\"https:\/\/news.ecclesia.org.br\/wp-content\/uploads\/2015\/12\/azize-santa-barbara-izmitte-ayinle-anildi-004-1-76x55.jpg\" data-big=\"https:\/\/news.ecclesia.org.br\/wp-content\/uploads\/2015\/12\/azize-santa-barbara-izmitte-ayinle-anildi-004-1.jpg\"><\/a><\/div>Hoje, sexta-feira, 4 de dezembro de 2015, a Igreja Ortodoxa celebra a mem\u00f3ria de Santa B\u00e1rbara, a Grande &#8211; Megalom\u00e1rtir. O Patriarcado Ecum\u00eanico de Constantinopla realiza neste dia\u00a0uma peregrina\u00e7\u00e3o\u00a0\u00e0 Nicom\u00e9dia (Izmit), local onde est\u00e1 a pris\u00e3o na qual Santa B\u00e1rbara esteve encarcerada antes de seu\u00a0mart\u00edrio. L\u00e1, ser\u00e1 oficiado uma <em>Par\u00e1klesis <\/em>por\u00a0 Sua Emin\u00eancia Athenagoras, Metropolita de Kydonion. Em seguida, a comitiva far\u00e1 um breve passeio pelos locais hist\u00f3ricos, seguindo depois para o almo\u00e7o.<\/div>\n<div style=\"text-align: right;\">Fonte: Texto e fotos do <a href=\"http:\/\/fanarion.blogspot.com.br\/\" target=\"_blank\" rel=\"noopener\">blog do Patriarcado Ecum\u00eanico<\/a><\/div>\n<div style=\"text-align: justify;\"><\/div>\n<div style=\"text-align: justify;\"><\/div>\n","protected":false},"excerpt":{"rendered":"<p>Hoje, sexta-feira, 4 de dezembro de 2015, a Igreja Ortodoxa celebra a mem\u00f3ria de Santa B\u00e1rbara, a Grande &#8211; Megalom\u00e1rtir. O Patriarcado Ecum\u00eanico de Constantinopla realiza neste dia\u00a0uma peregrina\u00e7\u00e3o\u00a0\u00e0 Nicom\u00e9dia (Izmit), local onde est\u00e1 a pris\u00e3o na qual Santa B\u00e1rbara&#8230;<\/p>\n","protected":false},"author":1,"featured_media":10305,"comment_status":"open","ping_status":"open","sticky":false,"template":"","format":"standard","meta":{"_acf_changed":false,"footnotes":""},"categories":[72],"tags":[],"class_list":["post-10304","post","type-post","status-publish","format-standard","has-post-thumbnail","hentry","category-patriarcado-ecumenico","entry","rows-excerpt"],"acf":[],"yoast_head":"<!-- This site is optimized with the Yoast SEO plugin v27.4 - https:\/\/yoast.com\/product\/yoast-seo-wordpress\/ -->\n<title>Patriarcado Ecum\u00eanico: peregrina\u00e7\u00e3o \u00e0 pris\u00e3o de Santa B\u00e1rbara, em Nicom\u00e9dia | ECCLESIA NEWS<\/title>\n<meta name=\"robots\" content=\"index, follow, max-snippet:-1, max-image-preview:large, max-video-preview:-1\" \/>\n<link rel=\"canonical\" href=\"https:\/\/news.ecclesia.org.br\/?p=10304\" \/>\n<meta property=\"og:locale\" content=\"pt_BR\" \/>\n<meta property=\"og:type\" content=\"article\" \/>\n<meta property=\"og:title\" content=\"Patriarcado Ecum\u00eanico: peregrina\u00e7\u00e3o \u00e0 pris\u00e3o de Santa B\u00e1rbara, em Nicom\u00e9dia | ECCLESIA NEWS\" \/>\n<meta property=\"og:description\" content=\"Hoje, sexta-feira, 4 de dezembro de 2015, a Igreja Ortodoxa celebra a mem\u00f3ria de Santa B\u00e1rbara, a Grande &#8211; Megalom\u00e1rtir. O Patriarcado Ecum\u00eanico de Constantinopla realiza neste dia\u00a0uma peregrina\u00e7\u00e3o\u00a0\u00e0 Nicom\u00e9dia (Izmit), local onde est\u00e1 a pris\u00e3o na qual Santa B\u00e1rbara&#8230;\" \/>\n<meta property=\"og:url\" content=\"https:\/\/news.ecclesia.org.br\/?p=10304\" \/>\n<meta property=\"og:site_name\" content=\"ECCLESIA NEWS\" \/>\n<meta property=\"article:publisher\" content=\"https:\/\/www.facebook.com\/Ecclesia2025\" \/>\n<meta property=\"article:published_time\" content=\"2015-12-04T14:23:30+00:00\" \/>\n<meta property=\"article:modified_time\" content=\"2021-07-22T21:12:47+00:00\" \/>\n<meta property=\"og:image\" content=\"https:\/\/news.ecclesia.org.br\/wp-content\/uploads\/2015\/12\/santa-barbara-izmit-1.jpg\" \/>\n\t<meta property=\"og:image:width\" content=\"500\" \/>\n\t<meta property=\"og:image:height\" content=\"331\" \/>\n\t<meta property=\"og:image:type\" content=\"image\/jpeg\" \/>\n<meta name=\"author\" content=\"Pe. Andr\u00e9\" \/>\n<meta name=\"twitter:card\" content=\"summary_large_image\" \/>\n<meta name=\"twitter:creator\" content=\"@EcclesiaNews\" \/>\n<meta name=\"twitter:site\" content=\"@EcclesiaNews\" \/>\n<meta name=\"twitter:label1\" content=\"Escrito por\" \/>\n\t<meta name=\"twitter:data1\" content=\"Pe. Andr\u00e9\" \/>\n<script type=\"application\/ld+json\" class=\"yoast-schema-graph\">{\"@context\":\"https:\\\/\\\/schema.org\",\"@graph\":[{\"@type\":\"Article\",\"@id\":\"https:\\\/\\\/news.ecclesia.org.br\\\/?p=10304#article\",\"isPartOf\":{\"@id\":\"https:\\\/\\\/news.ecclesia.org.br\\\/?p=10304\"},\"author\":{\"name\":\"Pe. Andr\u00e9\",\"@id\":\"https:\\\/\\\/news.ecclesia.org.br\\\/#\\\/schema\\\/person\\\/6f09597f025829745ba414a569f63758\"},\"headline\":\"Patriarcado Ecum\u00eanico: peregrina\u00e7\u00e3o \u00e0 pris\u00e3o de Santa B\u00e1rbara, em Nicom\u00e9dia\",\"datePublished\":\"2015-12-04T14:23:30+00:00\",\"dateModified\":\"2021-07-22T21:12:47+00:00\",\"mainEntityOfPage\":{\"@id\":\"https:\\\/\\\/news.ecclesia.org.br\\\/?p=10304\"},\"wordCount\":113,\"commentCount\":0,\"publisher\":{\"@id\":\"https:\\\/\\\/news.ecclesia.org.br\\\/#organization\"},\"image\":{\"@id\":\"https:\\\/\\\/news.ecclesia.org.br\\\/?p=10304#primaryimage\"},\"thumbnailUrl\":\"https:\\\/\\\/news.ecclesia.org.br\\\/wp-content\\\/uploads\\\/2015\\\/12\\\/santa-barbara-izmit-1.jpg\",\"articleSection\":[\"Patriarcado Ecum\u00eanico\"],\"inLanguage\":\"pt-BR\",\"potentialAction\":[{\"@type\":\"CommentAction\",\"name\":\"Comment\",\"target\":[\"https:\\\/\\\/news.ecclesia.org.br\\\/?p=10304#respond\"]}]},{\"@type\":\"WebPage\",\"@id\":\"https:\\\/\\\/news.ecclesia.org.br\\\/?p=10304\",\"url\":\"https:\\\/\\\/news.ecclesia.org.br\\\/?p=10304\",\"name\":\"Patriarcado Ecum\u00eanico: peregrina\u00e7\u00e3o \u00e0 pris\u00e3o de Santa B\u00e1rbara, em Nicom\u00e9dia | ECCLESIA NEWS\",\"isPartOf\":{\"@id\":\"https:\\\/\\\/news.ecclesia.org.br\\\/#website\"},\"primaryImageOfPage\":{\"@id\":\"https:\\\/\\\/news.ecclesia.org.br\\\/?p=10304#primaryimage\"},\"image\":{\"@id\":\"https:\\\/\\\/news.ecclesia.org.br\\\/?p=10304#primaryimage\"},\"thumbnailUrl\":\"https:\\\/\\\/news.ecclesia.org.br\\\/wp-content\\\/uploads\\\/2015\\\/12\\\/santa-barbara-izmit-1.jpg\",\"datePublished\":\"2015-12-04T14:23:30+00:00\",\"dateModified\":\"2021-07-22T21:12:47+00:00\",\"breadcrumb\":{\"@id\":\"https:\\\/\\\/news.ecclesia.org.br\\\/?p=10304#breadcrumb\"},\"inLanguage\":\"pt-BR\",\"potentialAction\":[{\"@type\":\"ReadAction\",\"target\":[\"https:\\\/\\\/news.ecclesia.org.br\\\/?p=10304\"]}]},{\"@type\":\"ImageObject\",\"inLanguage\":\"pt-BR\",\"@id\":\"https:\\\/\\\/news.ecclesia.org.br\\\/?p=10304#primaryimage\",\"url\":\"https:\\\/\\\/news.ecclesia.org.br\\\/wp-content\\\/uploads\\\/2015\\\/12\\\/santa-barbara-izmit-1.jpg\",\"contentUrl\":\"https:\\\/\\\/news.ecclesia.org.br\\\/wp-content\\\/uploads\\\/2015\\\/12\\\/santa-barbara-izmit-1.jpg\",\"width\":500,\"height\":331},{\"@type\":\"BreadcrumbList\",\"@id\":\"https:\\\/\\\/news.ecclesia.org.br\\\/?p=10304#breadcrumb\",\"itemListElement\":[{\"@type\":\"ListItem\",\"position\":1,\"name\":\"In\u00edcio\",\"item\":\"https:\\\/\\\/news.ecclesia.org.br\\\/\"},{\"@type\":\"ListItem\",\"position\":2,\"name\":\"Patriarcado Ecum\u00eanico: peregrina\u00e7\u00e3o \u00e0 pris\u00e3o de Santa B\u00e1rbara, em Nicom\u00e9dia\"}]},{\"@type\":\"WebSite\",\"@id\":\"https:\\\/\\\/news.ecclesia.org.br\\\/#website\",\"url\":\"https:\\\/\\\/news.ecclesia.org.br\\\/\",\"name\":\"Ecclesia Brasil\",\"description\":\"Desde 2003 onectando o Brasil ao mundo ortodoxo!\",\"publisher\":{\"@id\":\"https:\\\/\\\/news.ecclesia.org.br\\\/#organization\"},\"alternateName\":\"Ecclesia\",\"potentialAction\":[{\"@type\":\"SearchAction\",\"target\":{\"@type\":\"EntryPoint\",\"urlTemplate\":\"https:\\\/\\\/news.ecclesia.org.br\\\/?s={search_term_string}\"},\"query-input\":{\"@type\":\"PropertyValueSpecification\",\"valueRequired\":true,\"valueName\":\"search_term_string\"}}],\"inLanguage\":\"pt-BR\"},{\"@type\":\"Organization\",\"@id\":\"https:\\\/\\\/news.ecclesia.org.br\\\/#organization\",\"name\":\"Sacra Arquidiocese de Buenos Aires e Am\u00e9rica do Sul | Patriarcado Ecum\u00eanico\",\"alternateName\":\"News Ecclesia Brasil\",\"url\":\"https:\\\/\\\/news.ecclesia.org.br\\\/\",\"logo\":{\"@type\":\"ImageObject\",\"inLanguage\":\"pt-BR\",\"@id\":\"https:\\\/\\\/news.ecclesia.org.br\\\/#\\\/schema\\\/logo\\\/image\\\/\",\"url\":\"https:\\\/\\\/news.ecclesia.org.br\\\/wp-content\\\/uploads\\\/2025\\\/05\\\/ecclesia2.png\",\"contentUrl\":\"https:\\\/\\\/news.ecclesia.org.br\\\/wp-content\\\/uploads\\\/2025\\\/05\\\/ecclesia2.png\",\"width\":480,\"height\":120,\"caption\":\"Sacra Arquidiocese de Buenos Aires e Am\u00e9rica do Sul | Patriarcado Ecum\u00eanico\"},\"image\":{\"@id\":\"https:\\\/\\\/news.ecclesia.org.br\\\/#\\\/schema\\\/logo\\\/image\\\/\"},\"sameAs\":[\"https:\\\/\\\/www.facebook.com\\\/Ecclesia2025\",\"https:\\\/\\\/x.com\\\/EcclesiaNews\",\"https:\\\/\\\/br.pinterest.com\\\/ekklisia\\\/\",\"https:\\\/\\\/www.youtube.com\\\/@EcclesiaBrasil\"]},{\"@type\":\"Person\",\"@id\":\"https:\\\/\\\/news.ecclesia.org.br\\\/#\\\/schema\\\/person\\\/6f09597f025829745ba414a569f63758\",\"name\":\"Pe. Andr\u00e9\",\"image\":{\"@type\":\"ImageObject\",\"inLanguage\":\"pt-BR\",\"@id\":\"https:\\\/\\\/secure.gravatar.com\\\/avatar\\\/b4327cfa27e9799da239a26adcd534fc29cdc0c4a4a148eecbcfeb9b42c617ac?s=96&d=mm&r=g\",\"url\":\"https:\\\/\\\/secure.gravatar.com\\\/avatar\\\/b4327cfa27e9799da239a26adcd534fc29cdc0c4a4a148eecbcfeb9b42c617ac?s=96&d=mm&r=g\",\"contentUrl\":\"https:\\\/\\\/secure.gravatar.com\\\/avatar\\\/b4327cfa27e9799da239a26adcd534fc29cdc0c4a4a148eecbcfeb9b42c617ac?s=96&d=mm&r=g\",\"caption\":\"Pe. Andr\u00e9\"},\"sameAs\":[\"https:\\\/\\\/www.ecclesia.org.br\"]}]}<\/script>\n<!-- \/ Yoast SEO plugin. -->","yoast_head_json":{"title":"Patriarcado Ecum\u00eanico: peregrina\u00e7\u00e3o \u00e0 pris\u00e3o de Santa B\u00e1rbara, em Nicom\u00e9dia | ECCLESIA NEWS","robots":{"index":"index","follow":"follow","max-snippet":"max-snippet:-1","max-image-preview":"max-image-preview:large","max-video-preview":"max-video-preview:-1"},"canonical":"https:\/\/news.ecclesia.org.br\/?p=10304","og_locale":"pt_BR","og_type":"article","og_title":"Patriarcado Ecum\u00eanico: peregrina\u00e7\u00e3o \u00e0 pris\u00e3o de Santa B\u00e1rbara, em Nicom\u00e9dia | ECCLESIA NEWS","og_description":"Hoje, sexta-feira, 4 de dezembro de 2015, a Igreja Ortodoxa celebra a mem\u00f3ria de Santa B\u00e1rbara, a Grande &#8211; Megalom\u00e1rtir. O Patriarcado Ecum\u00eanico de Constantinopla realiza neste dia\u00a0uma peregrina\u00e7\u00e3o\u00a0\u00e0 Nicom\u00e9dia (Izmit), local onde est\u00e1 a pris\u00e3o na qual Santa B\u00e1rbara&#8230;","og_url":"https:\/\/news.ecclesia.org.br\/?p=10304","og_site_name":"ECCLESIA NEWS","article_publisher":"https:\/\/www.facebook.com\/Ecclesia2025","article_published_time":"2015-12-04T14:23:30+00:00","article_modified_time":"2021-07-22T21:12:47+00:00","og_image":[{"width":500,"height":331,"url":"https:\/\/news.ecclesia.org.br\/wp-content\/uploads\/2015\/12\/santa-barbara-izmit-1.jpg","type":"image\/jpeg"}],"author":"Pe. Andr\u00e9","twitter_card":"summary_large_image","twitter_creator":"@EcclesiaNews","twitter_site":"@EcclesiaNews","twitter_misc":{"Escrito por":"Pe. Andr\u00e9"},"schema":{"@context":"https:\/\/schema.org","@graph":[{"@type":"Article","@id":"https:\/\/news.ecclesia.org.br\/?p=10304#article","isPartOf":{"@id":"https:\/\/news.ecclesia.org.br\/?p=10304"},"author":{"name":"Pe. Andr\u00e9","@id":"https:\/\/news.ecclesia.org.br\/#\/schema\/person\/6f09597f025829745ba414a569f63758"},"headline":"Patriarcado Ecum\u00eanico: peregrina\u00e7\u00e3o \u00e0 pris\u00e3o de Santa B\u00e1rbara, em Nicom\u00e9dia","datePublished":"2015-12-04T14:23:30+00:00","dateModified":"2021-07-22T21:12:47+00:00","mainEntityOfPage":{"@id":"https:\/\/news.ecclesia.org.br\/?p=10304"},"wordCount":113,"commentCount":0,"publisher":{"@id":"https:\/\/news.ecclesia.org.br\/#organization"},"image":{"@id":"https:\/\/news.ecclesia.org.br\/?p=10304#primaryimage"},"thumbnailUrl":"https:\/\/news.ecclesia.org.br\/wp-content\/uploads\/2015\/12\/santa-barbara-izmit-1.jpg","articleSection":["Patriarcado Ecum\u00eanico"],"inLanguage":"pt-BR","potentialAction":[{"@type":"CommentAction","name":"Comment","target":["https:\/\/news.ecclesia.org.br\/?p=10304#respond"]}]},{"@type":"WebPage","@id":"https:\/\/news.ecclesia.org.br\/?p=10304","url":"https:\/\/news.ecclesia.org.br\/?p=10304","name":"Patriarcado Ecum\u00eanico: peregrina\u00e7\u00e3o \u00e0 pris\u00e3o de Santa B\u00e1rbara, em Nicom\u00e9dia | ECCLESIA NEWS","isPartOf":{"@id":"https:\/\/news.ecclesia.org.br\/#website"},"primaryImageOfPage":{"@id":"https:\/\/news.ecclesia.org.br\/?p=10304#primaryimage"},"image":{"@id":"https:\/\/news.ecclesia.org.br\/?p=10304#primaryimage"},"thumbnailUrl":"https:\/\/news.ecclesia.org.br\/wp-content\/uploads\/2015\/12\/santa-barbara-izmit-1.jpg","datePublished":"2015-12-04T14:23:30+00:00","dateModified":"2021-07-22T21:12:47+00:00","breadcrumb":{"@id":"https:\/\/news.ecclesia.org.br\/?p=10304#breadcrumb"},"inLanguage":"pt-BR","potentialAction":[{"@type":"ReadAction","target":["https:\/\/news.ecclesia.org.br\/?p=10304"]}]},{"@type":"ImageObject","inLanguage":"pt-BR","@id":"https:\/\/news.ecclesia.org.br\/?p=10304#primaryimage","url":"https:\/\/news.ecclesia.org.br\/wp-content\/uploads\/2015\/12\/santa-barbara-izmit-1.jpg","contentUrl":"https:\/\/news.ecclesia.org.br\/wp-content\/uploads\/2015\/12\/santa-barbara-izmit-1.jpg","width":500,"height":331},{"@type":"BreadcrumbList","@id":"https:\/\/news.ecclesia.org.br\/?p=10304#breadcrumb","itemListElement":[{"@type":"ListItem","position":1,"name":"In\u00edcio","item":"https:\/\/news.ecclesia.org.br\/"},{"@type":"ListItem","position":2,"name":"Patriarcado Ecum\u00eanico: peregrina\u00e7\u00e3o \u00e0 pris\u00e3o de Santa B\u00e1rbara, em Nicom\u00e9dia"}]},{"@type":"WebSite","@id":"https:\/\/news.ecclesia.org.br\/#website","url":"https:\/\/news.ecclesia.org.br\/","name":"Ecclesia Brasil","description":"Desde 2003 onectando o Brasil ao mundo ortodoxo!","publisher":{"@id":"https:\/\/news.ecclesia.org.br\/#organization"},"alternateName":"Ecclesia","potentialAction":[{"@type":"SearchAction","target":{"@type":"EntryPoint","urlTemplate":"https:\/\/news.ecclesia.org.br\/?s={search_term_string}"},"query-input":{"@type":"PropertyValueSpecification","valueRequired":true,"valueName":"search_term_string"}}],"inLanguage":"pt-BR"},{"@type":"Organization","@id":"https:\/\/news.ecclesia.org.br\/#organization","name":"Sacra Arquidiocese de Buenos Aires e Am\u00e9rica do Sul | Patriarcado Ecum\u00eanico","alternateName":"News Ecclesia Brasil","url":"https:\/\/news.ecclesia.org.br\/","logo":{"@type":"ImageObject","inLanguage":"pt-BR","@id":"https:\/\/news.ecclesia.org.br\/#\/schema\/logo\/image\/","url":"https:\/\/news.ecclesia.org.br\/wp-content\/uploads\/2025\/05\/ecclesia2.png","contentUrl":"https:\/\/news.ecclesia.org.br\/wp-content\/uploads\/2025\/05\/ecclesia2.png","width":480,"height":120,"caption":"Sacra Arquidiocese de Buenos Aires e Am\u00e9rica do Sul | Patriarcado Ecum\u00eanico"},"image":{"@id":"https:\/\/news.ecclesia.org.br\/#\/schema\/logo\/image\/"},"sameAs":["https:\/\/www.facebook.com\/Ecclesia2025","https:\/\/x.com\/EcclesiaNews","https:\/\/br.pinterest.com\/ekklisia\/","https:\/\/www.youtube.com\/@EcclesiaBrasil"]},{"@type":"Person","@id":"https:\/\/news.ecclesia.org.br\/#\/schema\/person\/6f09597f025829745ba414a569f63758","name":"Pe. Andr\u00e9","image":{"@type":"ImageObject","inLanguage":"pt-BR","@id":"https:\/\/secure.gravatar.com\/avatar\/b4327cfa27e9799da239a26adcd534fc29cdc0c4a4a148eecbcfeb9b42c617ac?s=96&d=mm&r=g","url":"https:\/\/secure.gravatar.com\/avatar\/b4327cfa27e9799da239a26adcd534fc29cdc0c4a4a148eecbcfeb9b42c617ac?s=96&d=mm&r=g","contentUrl":"https:\/\/secure.gravatar.com\/avatar\/b4327cfa27e9799da239a26adcd534fc29cdc0c4a4a148eecbcfeb9b42c617ac?s=96&d=mm&r=g","caption":"Pe. Andr\u00e9"},"sameAs":["https:\/\/www.ecclesia.org.br"]}]}},"_links":{"self":[{"href":"https:\/\/news.ecclesia.org.br\/index.php?rest_route=\/wp\/v2\/posts\/10304","targetHints":{"allow":["GET"]}}],"collection":[{"href":"https:\/\/news.ecclesia.org.br\/index.php?rest_route=\/wp\/v2\/posts"}],"about":[{"href":"https:\/\/news.ecclesia.org.br\/index.php?rest_route=\/wp\/v2\/types\/post"}],"author":[{"embeddable":true,"href":"https:\/\/news.ecclesia.org.br\/index.php?rest_route=\/wp\/v2\/users\/1"}],"replies":[{"embeddable":true,"href":"https:\/\/news.ecclesia.org.br\/index.php?rest_route=%2Fwp%2Fv2%2Fcomments&post=10304"}],"version-history":[{"count":1,"href":"https:\/\/news.ecclesia.org.br\/index.php?rest_route=\/wp\/v2\/posts\/10304\/revisions"}],"predecessor-version":[{"id":38373,"href":"https:\/\/news.ecclesia.org.br\/index.php?rest_route=\/wp\/v2\/posts\/10304\/revisions\/38373"}],"wp:featuredmedia":[{"embeddable":true,"href":"https:\/\/news.ecclesia.org.br\/index.php?rest_route=\/wp\/v2\/media\/10305"}],"wp:attachment":[{"href":"https:\/\/news.ecclesia.org.br\/index.php?rest_route=%2Fwp%2Fv2%2Fmedia&parent=10304"}],"wp:term":[{"taxonomy":"category","embeddable":true,"href":"https:\/\/news.ecclesia.org.br\/index.php?rest_route=%2Fwp%2Fv2%2Fcategories&post=10304"},{"taxonomy":"post_tag","embeddable":true,"href":"https:\/\/news.ecclesia.org.br\/index.php?rest_route=%2Fwp%2Fv2%2Ftags&post=10304"}],"curies":[{"name":"wp","href":"https:\/\/api.w.org\/{rel}","templated":true}]}}